{"id":4917,"date":"2025-07-07T22:59:45","date_gmt":"2025-07-08T01:59:45","guid":{"rendered":"https:\/\/institutoinorte.com\/site\/?p=4917"},"modified":"2025-07-07T22:59:45","modified_gmt":"2025-07-08T01:59:45","slug":"irandir-ferreira-reeleito-presidente-do-instituto-inorte","status":"publish","type":"post","link":"https:\/\/institutoinorte.com\/site\/irandir-ferreira-reeleito-presidente-do-instituto-inorte\/","title":{"rendered":"Irandir Ferreira Reeleito Presidente do Instituto Inorte"},"content":{"rendered":"<p>\u00c9 com imensa alegria que anunciamos a recondu\u00e7\u00e3o de Irandir Ferreira \u00e0 presid\u00eancia do Instituto Inorte, nesta manh\u00e3 de 7 de julho! Sua reelei\u00e7\u00e3o garante a continuidade de uma gest\u00e3o comprometida com o desenvolvimento da sociedade e a valoriza\u00e7\u00e3o da capacidade t\u00e9cnica de cada indiv\u00edduo.<\/p>\n<p>O Instituto Inorte se destaca pela qualidade de seus servi\u00e7os e seu papel crucial na constru\u00e7\u00e3o de uma sociedade mais justa e acess\u00edvel. Atuamos em frentes essenciais como sa\u00fade, assist\u00eancia social, educa\u00e7\u00e3o, cultura, esporte, turismo e meio ambiente, buscando sempre viabilizar a a\u00e7\u00e3o p\u00fablica com agilidade e maior alcance.<\/p>\n<p>Sob a lideran\u00e7a de Irandir, o Instituto Inorte continuar\u00e1 sendo um grande organismo de inclus\u00e3o social, dedicado a diminuir as desigualdades, gerar oportunidades e democratizar o acesso \u00e0 informa\u00e7\u00e3o para todos.<\/p>\n<p>Em breve, teremos o lan\u00e7amento da R\u00e1dio Inorte, mais um canal para promover o desenvolvimento humano e do nosso Estado, destacou o Presidente.<\/p>\n<div id='gallery-1' class='gallery galleryid-4917 gallery-columns-3 gallery-size-thumbnail'><figure class='gallery-item'>\n\t\t\t<div class='gallery-icon landscape'>\n\t\t\t\t<a href='https:\/\/institutoinorte.com\/site\/irandir-ferreira-reeleito-presidente-do-instituto-inorte\/img-20250707-wa0229\/'><img decoding=\"async\" width=\"150\" height=\"150\" src=\"https:\/\/institutoinorte.com\/site\/wp-content\/uploads\/2025\/07\/IMG-20250707-WA0229-150x150.jpg\" class=\"attachment-thumbnail size-thumbnail\" alt=\"\" \/><\/a>\n\t\t\t<\/div><\/figure><figure class='gallery-item'>\n\t\t\t<div class='gallery-icon landscape'>\n\t\t\t\t<a href='https:\/\/institutoinorte.com\/site\/irandir-ferreira-reeleito-presidente-do-instituto-inorte\/img-20250707-wa0228\/'><img decoding=\"async\" width=\"150\" height=\"150\" src=\"https:\/\/institutoinorte.com\/site\/wp-content\/uploads\/2025\/07\/IMG-20250707-WA0228-150x150.jpg\" class=\"attachment-thumbnail size-thumbnail\" alt=\"\" \/><\/a>\n\t\t\t<\/div><\/figure><figure class='gallery-item'>\n\t\t\t<div class='gallery-icon landscape'>\n\t\t\t\t<a href='https:\/\/institutoinorte.com\/site\/irandir-ferreira-reeleito-presidente-do-instituto-inorte\/img-20250707-wa0227\/'><img decoding=\"async\" width=\"150\" height=\"150\" src=\"https:\/\/institutoinorte.com\/site\/wp-content\/uploads\/2025\/07\/IMG-20250707-WA0227-150x150.jpg\" class=\"attachment-thumbnail size-thumbnail\" alt=\"\" \/><\/a>\n\t\t\t<\/div><\/figure>\n\t\t<\/div>\n\n<p>#InstitutoInorte #Reelei\u00e7\u00e3o #IrandirFerreira #DesenvolvimentoSocial #Inclus\u00e3o #SociedadeJusta #Amap\u00e1<\/p>\n","protected":false},"excerpt":{"rendered":"<p>\u00c9 com imensa alegria que anunciamos a recondu\u00e7\u00e3o de Irandir Ferreira \u00e0 presid\u00eancia do Instituto Inorte, nesta manh\u00e3 de 7 de julho! Sua reelei\u00e7\u00e3o garante a continuidade de uma gest\u00e3o comprometida com o desenvolvimento da sociedade e a valoriza\u00e7\u00e3o da capacidade t\u00e9cnica de cada indiv\u00edduo. O Instituto Inorte se destaca pela qualidade de seus servi\u00e7os [&hellip;]<\/p>\n","protected":false},"author":2,"featured_media":4919,"comment_status":"open","ping_status":"open","sticky":false,"template":"","format":"standard","meta":{"footnotes":""},"categories":[1],"tags":[],"class_list":["post-4917","post","type-post","status-publish","format-standard","has-post-thumbnail","hentry","category-blog"],"_links":{"self":[{"href":"https:\/\/institutoinorte.com\/site\/wp-json\/wp\/v2\/posts\/4917","targetHints":{"allow":["GET"]}}],"collection":[{"href":"https:\/\/institutoinorte.com\/site\/wp-json\/wp\/v2\/posts"}],"about":[{"href":"https:\/\/institutoinorte.com\/site\/wp-json\/wp\/v2\/types\/post"}],"author":[{"embeddable":true,"href":"https:\/\/institutoinorte.com\/site\/wp-json\/wp\/v2\/users\/2"}],"replies":[{"embeddable":true,"href":"https:\/\/institutoinorte.com\/site\/wp-json\/wp\/v2\/comments?post=4917"}],"version-history":[{"count":1,"href":"https:\/\/institutoinorte.com\/site\/wp-json\/wp\/v2\/posts\/4917\/revisions"}],"predecessor-version":[{"id":4921,"href":"https:\/\/institutoinorte.com\/site\/wp-json\/wp\/v2\/posts\/4917\/revisions\/4921"}],"wp:featuredmedia":[{"embeddable":true,"href":"https:\/\/institutoinorte.com\/site\/wp-json\/wp\/v2\/media\/4919"}],"wp:attachment":[{"href":"https:\/\/institutoinorte.com\/site\/wp-json\/wp\/v2\/media?parent=4917"}],"wp:term":[{"taxonomy":"category","embeddable":true,"href":"https:\/\/institutoinorte.com\/site\/wp-json\/wp\/v2\/categories?post=4917"},{"taxonomy":"post_tag","embeddable":true,"href":"https:\/\/institutoinorte.com\/site\/wp-json\/wp\/v2\/tags?post=4917"}],"curies":[{"name":"wp","href":"https:\/\/api.w.org\/{rel}","templated":true}]}}