{"id":4590,"date":"2025-03-31T19:01:09","date_gmt":"2025-03-31T22:01:09","guid":{"rendered":"https:\/\/institutoinorte.com\/site\/?p=4590"},"modified":"2025-03-31T19:01:09","modified_gmt":"2025-03-31T22:01:09","slug":"inorte-celebra-a-conquista-do-premio-na-categoria-desenvolvimento-economico-e-sustentabilidade-ambiental-concedido-durante-a-noite-especial-do-premium-internacional-cop-30-no-teatro-silvio-romero-em","status":"publish","type":"post","link":"https:\/\/institutoinorte.com\/site\/inorte-celebra-a-conquista-do-premio-na-categoria-desenvolvimento-economico-e-sustentabilidade-ambiental-concedido-durante-a-noite-especial-do-premium-internacional-cop-30-no-teatro-silvio-romero-em\/","title":{"rendered":"Inorte celebra a conquista do pr\u00eamio na categoria Desenvolvimento Econ\u00f4mico e Sustentabilidade Ambiental, concedido durante a noite especial do Premium Internacional COP 30, no Teatro Silvio Romero em Santana"},"content":{"rendered":"<p>\u00c9 com imensa alegria e gratid\u00e3o que a Inorte celebra a conquista do pr\u00eamio na categoria Desenvolvimento Econ\u00f4mico e Sustentabilidade Ambiental, concedido durante a noite especial do Premium Internacional COP 30, no Teatro Silvio Romero em Santana. Este reconhecimento, recebido no dia 29 de mar\u00e7o, representa um marco significativo em nossa jornada e refor\u00e7a o compromisso cont\u00ednuo da Inorte com pr\u00e1ticas que harmonizam o progresso econ\u00f4mico com a preserva\u00e7\u00e3o do nosso planeta.<\/p>\n<p>A presen\u00e7a da nossa estimada advogada, Claudia Sousa, para receber este pr\u00eamio, simboliza o esfor\u00e7o coletivo e a dedica\u00e7\u00e3o de toda a equipe Inorte em construir um futuro mais sustent\u00e1vel. Este pr\u00eamio n\u00e3o apenas celebra nossas conquistas, mas tamb\u00e9m nos motiva a continuar buscando solu\u00e7\u00f5es inovadoras que promovam o desenvolvimento econ\u00f4mico de forma respons\u00e1vel e consciente.<\/p>\n<p>Agradecemos a todos que tornaram este momento poss\u00edvel, e reafirmamos nosso compromisso de seguir em frente, inspirando e liderando pelo exemplo, rumo a um futuro onde desenvolvimento e sustentabilidade caminham juntos.<\/p>\n<div id='gallery-1' class='gallery galleryid-4590 gallery-columns-4 gallery-size-large'><figure class='gallery-item'>\n\t\t\t<div class='gallery-icon landscape'>\n\t\t\t\t<a href='https:\/\/institutoinorte.com\/site\/inorte-celebra-a-conquista-do-premio-na-categoria-desenvolvimento-economico-e-sustentabilidade-ambiental-concedido-durante-a-noite-especial-do-premium-internacional-cop-30-no-teatro-silvio-romero-em\/whatsapp-image-2025-03-30-at-13-09-08\/'><img fetchpriority=\"high\" decoding=\"async\" width=\"800\" height=\"534\" src=\"https:\/\/institutoinorte.com\/site\/wp-content\/uploads\/2025\/03\/WhatsApp-Image-2025-03-30-at-13.09.08-1024x683.jpeg\" class=\"attachment-large size-large\" alt=\"\" srcset=\"https:\/\/institutoinorte.com\/site\/wp-content\/uploads\/2025\/03\/WhatsApp-Image-2025-03-30-at-13.09.08-1024x683.jpeg 1024w, https:\/\/institutoinorte.com\/site\/wp-content\/uploads\/2025\/03\/WhatsApp-Image-2025-03-30-at-13.09.08-300x200.jpeg 300w, https:\/\/institutoinorte.com\/site\/wp-content\/uploads\/2025\/03\/WhatsApp-Image-2025-03-30-at-13.09.08-768x512.jpeg 768w, https:\/\/institutoinorte.com\/site\/wp-content\/uploads\/2025\/03\/WhatsApp-Image-2025-03-30-at-13.09.08-1536x1024.jpeg 1536w, https:\/\/institutoinorte.com\/site\/wp-content\/uploads\/2025\/03\/WhatsApp-Image-2025-03-30-at-13.09.08.jpeg 1600w\" sizes=\"(max-width: 800px) 100vw, 800px\" \/><\/a>\n\t\t\t<\/div><\/figure><figure class='gallery-item'>\n\t\t\t<div class='gallery-icon landscape'>\n\t\t\t\t<a href='https:\/\/institutoinorte.com\/site\/inorte-celebra-a-conquista-do-premio-na-categoria-desenvolvimento-economico-e-sustentabilidade-ambiental-concedido-durante-a-noite-especial-do-premium-internacional-cop-30-no-teatro-silvio-romero-em\/whatsapp-image-2025-03-30-at-13-09-10-1\/'><img decoding=\"async\" width=\"800\" height=\"534\" src=\"https:\/\/institutoinorte.com\/site\/wp-content\/uploads\/2025\/03\/WhatsApp-Image-2025-03-30-at-13.09.10-1-1024x683.jpeg\" class=\"attachment-large size-large\" alt=\"\" srcset=\"https:\/\/institutoinorte.com\/site\/wp-content\/uploads\/2025\/03\/WhatsApp-Image-2025-03-30-at-13.09.10-1-1024x683.jpeg 1024w, https:\/\/institutoinorte.com\/site\/wp-content\/uploads\/2025\/03\/WhatsApp-Image-2025-03-30-at-13.09.10-1-300x200.jpeg 300w, https:\/\/institutoinorte.com\/site\/wp-content\/uploads\/2025\/03\/WhatsApp-Image-2025-03-30-at-13.09.10-1-768x512.jpeg 768w, https:\/\/institutoinorte.com\/site\/wp-content\/uploads\/2025\/03\/WhatsApp-Image-2025-03-30-at-13.09.10-1-1536x1024.jpeg 1536w, https:\/\/institutoinorte.com\/site\/wp-content\/uploads\/2025\/03\/WhatsApp-Image-2025-03-30-at-13.09.10-1.jpeg 1600w\" sizes=\"(max-width: 800px) 100vw, 800px\" \/><\/a>\n\t\t\t<\/div><\/figure><figure class='gallery-item'>\n\t\t\t<div class='gallery-icon landscape'>\n\t\t\t\t<a href='https:\/\/institutoinorte.com\/site\/inorte-celebra-a-conquista-do-premio-na-categoria-desenvolvimento-economico-e-sustentabilidade-ambiental-concedido-durante-a-noite-especial-do-premium-internacional-cop-30-no-teatro-silvio-romero-em\/whatsapp-image-2025-03-30-at-13-09-10-2\/'><img decoding=\"async\" width=\"800\" height=\"534\" src=\"https:\/\/institutoinorte.com\/site\/wp-content\/uploads\/2025\/03\/WhatsApp-Image-2025-03-30-at-13.09.10-2-1024x683.jpeg\" class=\"attachment-large size-large\" alt=\"\" srcset=\"https:\/\/institutoinorte.com\/site\/wp-content\/uploads\/2025\/03\/WhatsApp-Image-2025-03-30-at-13.09.10-2-1024x683.jpeg 1024w, https:\/\/institutoinorte.com\/site\/wp-content\/uploads\/2025\/03\/WhatsApp-Image-2025-03-30-at-13.09.10-2-300x200.jpeg 300w, https:\/\/institutoinorte.com\/site\/wp-content\/uploads\/2025\/03\/WhatsApp-Image-2025-03-30-at-13.09.10-2-768x512.jpeg 768w, https:\/\/institutoinorte.com\/site\/wp-content\/uploads\/2025\/03\/WhatsApp-Image-2025-03-30-at-13.09.10-2-1536x1024.jpeg 1536w, https:\/\/institutoinorte.com\/site\/wp-content\/uploads\/2025\/03\/WhatsApp-Image-2025-03-30-at-13.09.10-2.jpeg 1600w\" sizes=\"(max-width: 800px) 100vw, 800px\" \/><\/a>\n\t\t\t<\/div><\/figure><figure class='gallery-item'>\n\t\t\t<div class='gallery-icon landscape'>\n\t\t\t\t<a href='https:\/\/institutoinorte.com\/site\/inorte-celebra-a-conquista-do-premio-na-categoria-desenvolvimento-economico-e-sustentabilidade-ambiental-concedido-durante-a-noite-especial-do-premium-internacional-cop-30-no-teatro-silvio-romero-em\/whatsapp-image-2025-03-30-at-13-09-10-3\/'><img loading=\"lazy\" decoding=\"async\" width=\"800\" height=\"534\" src=\"https:\/\/institutoinorte.com\/site\/wp-content\/uploads\/2025\/03\/WhatsApp-Image-2025-03-30-at-13.09.10-3-1024x683.jpeg\" class=\"attachment-large size-large\" alt=\"\" srcset=\"https:\/\/institutoinorte.com\/site\/wp-content\/uploads\/2025\/03\/WhatsApp-Image-2025-03-30-at-13.09.10-3-1024x683.jpeg 1024w, https:\/\/institutoinorte.com\/site\/wp-content\/uploads\/2025\/03\/WhatsApp-Image-2025-03-30-at-13.09.10-3-300x200.jpeg 300w, https:\/\/institutoinorte.com\/site\/wp-content\/uploads\/2025\/03\/WhatsApp-Image-2025-03-30-at-13.09.10-3-768x512.jpeg 768w, https:\/\/institutoinorte.com\/site\/wp-content\/uploads\/2025\/03\/WhatsApp-Image-2025-03-30-at-13.09.10-3-1536x1024.jpeg 1536w, https:\/\/institutoinorte.com\/site\/wp-content\/uploads\/2025\/03\/WhatsApp-Image-2025-03-30-at-13.09.10-3.jpeg 1600w\" sizes=\"(max-width: 800px) 100vw, 800px\" \/><\/a>\n\t\t\t<\/div><\/figure><figure class='gallery-item'>\n\t\t\t<div class='gallery-icon landscape'>\n\t\t\t\t<a href='https:\/\/institutoinorte.com\/site\/inorte-celebra-a-conquista-do-premio-na-categoria-desenvolvimento-economico-e-sustentabilidade-ambiental-concedido-durante-a-noite-especial-do-premium-internacional-cop-30-no-teatro-silvio-romero-em\/whatsapp-image-2025-03-30-at-13-09-11-1\/'><img loading=\"lazy\" decoding=\"async\" width=\"800\" height=\"534\" src=\"https:\/\/institutoinorte.com\/site\/wp-content\/uploads\/2025\/03\/WhatsApp-Image-2025-03-30-at-13.09.11-1-1024x683.jpeg\" class=\"attachment-large size-large\" alt=\"\" srcset=\"https:\/\/institutoinorte.com\/site\/wp-content\/uploads\/2025\/03\/WhatsApp-Image-2025-03-30-at-13.09.11-1-1024x683.jpeg 1024w, https:\/\/institutoinorte.com\/site\/wp-content\/uploads\/2025\/03\/WhatsApp-Image-2025-03-30-at-13.09.11-1-300x200.jpeg 300w, https:\/\/institutoinorte.com\/site\/wp-content\/uploads\/2025\/03\/WhatsApp-Image-2025-03-30-at-13.09.11-1-768x512.jpeg 768w, https:\/\/institutoinorte.com\/site\/wp-content\/uploads\/2025\/03\/WhatsApp-Image-2025-03-30-at-13.09.11-1-1536x1024.jpeg 1536w, https:\/\/institutoinorte.com\/site\/wp-content\/uploads\/2025\/03\/WhatsApp-Image-2025-03-30-at-13.09.11-1.jpeg 1600w\" sizes=\"(max-width: 800px) 100vw, 800px\" \/><\/a>\n\t\t\t<\/div><\/figure><figure class='gallery-item'>\n\t\t\t<div class='gallery-icon landscape'>\n\t\t\t\t<a href='https:\/\/institutoinorte.com\/site\/inorte-celebra-a-conquista-do-premio-na-categoria-desenvolvimento-economico-e-sustentabilidade-ambiental-concedido-durante-a-noite-especial-do-premium-internacional-cop-30-no-teatro-silvio-romero-em\/whatsapp-image-2025-03-30-at-13-09-11\/'><img loading=\"lazy\" decoding=\"async\" width=\"800\" height=\"534\" src=\"https:\/\/institutoinorte.com\/site\/wp-content\/uploads\/2025\/03\/WhatsApp-Image-2025-03-30-at-13.09.11-1024x683.jpeg\" class=\"attachment-large size-large\" alt=\"\" srcset=\"https:\/\/institutoinorte.com\/site\/wp-content\/uploads\/2025\/03\/WhatsApp-Image-2025-03-30-at-13.09.11-1024x683.jpeg 1024w, https:\/\/institutoinorte.com\/site\/wp-content\/uploads\/2025\/03\/WhatsApp-Image-2025-03-30-at-13.09.11-300x200.jpeg 300w, https:\/\/institutoinorte.com\/site\/wp-content\/uploads\/2025\/03\/WhatsApp-Image-2025-03-30-at-13.09.11-768x512.jpeg 768w, https:\/\/institutoinorte.com\/site\/wp-content\/uploads\/2025\/03\/WhatsApp-Image-2025-03-30-at-13.09.11-1536x1024.jpeg 1536w, https:\/\/institutoinorte.com\/site\/wp-content\/uploads\/2025\/03\/WhatsApp-Image-2025-03-30-at-13.09.11.jpeg 1600w\" sizes=\"(max-width: 800px) 100vw, 800px\" \/><\/a>\n\t\t\t<\/div><\/figure><figure class='gallery-item'>\n\t\t\t<div class='gallery-icon landscape'>\n\t\t\t\t<a href='https:\/\/institutoinorte.com\/site\/inorte-celebra-a-conquista-do-premio-na-categoria-desenvolvimento-economico-e-sustentabilidade-ambiental-concedido-durante-a-noite-especial-do-premium-internacional-cop-30-no-teatro-silvio-romero-em\/whatsapp-image-2025-03-30-at-13-09-12-1\/'><img loading=\"lazy\" decoding=\"async\" width=\"800\" height=\"534\" src=\"https:\/\/institutoinorte.com\/site\/wp-content\/uploads\/2025\/03\/WhatsApp-Image-2025-03-30-at-13.09.12-1-1024x683.jpeg\" class=\"attachment-large size-large\" alt=\"\" srcset=\"https:\/\/institutoinorte.com\/site\/wp-content\/uploads\/2025\/03\/WhatsApp-Image-2025-03-30-at-13.09.12-1-1024x683.jpeg 1024w, https:\/\/institutoinorte.com\/site\/wp-content\/uploads\/2025\/03\/WhatsApp-Image-2025-03-30-at-13.09.12-1-300x200.jpeg 300w, https:\/\/institutoinorte.com\/site\/wp-content\/uploads\/2025\/03\/WhatsApp-Image-2025-03-30-at-13.09.12-1-768x512.jpeg 768w, https:\/\/institutoinorte.com\/site\/wp-content\/uploads\/2025\/03\/WhatsApp-Image-2025-03-30-at-13.09.12-1-1536x1024.jpeg 1536w, https:\/\/institutoinorte.com\/site\/wp-content\/uploads\/2025\/03\/WhatsApp-Image-2025-03-30-at-13.09.12-1.jpeg 1600w\" sizes=\"(max-width: 800px) 100vw, 800px\" \/><\/a>\n\t\t\t<\/div><\/figure><figure class='gallery-item'>\n\t\t\t<div class='gallery-icon landscape'>\n\t\t\t\t<a href='https:\/\/institutoinorte.com\/site\/inorte-celebra-a-conquista-do-premio-na-categoria-desenvolvimento-economico-e-sustentabilidade-ambiental-concedido-durante-a-noite-especial-do-premium-internacional-cop-30-no-teatro-silvio-romero-em\/whatsapp-image-2025-03-30-at-13-09-12\/'><img loading=\"lazy\" decoding=\"async\" width=\"800\" height=\"534\" src=\"https:\/\/institutoinorte.com\/site\/wp-content\/uploads\/2025\/03\/WhatsApp-Image-2025-03-30-at-13.09.12-1024x683.jpeg\" class=\"attachment-large size-large\" alt=\"\" srcset=\"https:\/\/institutoinorte.com\/site\/wp-content\/uploads\/2025\/03\/WhatsApp-Image-2025-03-30-at-13.09.12-1024x683.jpeg 1024w, https:\/\/institutoinorte.com\/site\/wp-content\/uploads\/2025\/03\/WhatsApp-Image-2025-03-30-at-13.09.12-300x200.jpeg 300w, https:\/\/institutoinorte.com\/site\/wp-content\/uploads\/2025\/03\/WhatsApp-Image-2025-03-30-at-13.09.12-768x512.jpeg 768w, https:\/\/institutoinorte.com\/site\/wp-content\/uploads\/2025\/03\/WhatsApp-Image-2025-03-30-at-13.09.12-1536x1024.jpeg 1536w, https:\/\/institutoinorte.com\/site\/wp-content\/uploads\/2025\/03\/WhatsApp-Image-2025-03-30-at-13.09.12.jpeg 1600w\" sizes=\"(max-width: 800px) 100vw, 800px\" \/><\/a>\n\t\t\t<\/div><\/figure><figure class='gallery-item'>\n\t\t\t<div class='gallery-icon portrait'>\n\t\t\t\t<a href='https:\/\/institutoinorte.com\/site\/inorte-celebra-a-conquista-do-premio-na-categoria-desenvolvimento-economico-e-sustentabilidade-ambiental-concedido-durante-a-noite-especial-do-premium-internacional-cop-30-no-teatro-silvio-romero-em\/whatsapp-image-2025-03-30-at-13-09-13\/'><img loading=\"lazy\" decoding=\"async\" width=\"683\" height=\"1024\" src=\"https:\/\/institutoinorte.com\/site\/wp-content\/uploads\/2025\/03\/WhatsApp-Image-2025-03-30-at-13.09.13-683x1024.jpeg\" class=\"attachment-large size-large\" alt=\"\" srcset=\"https:\/\/institutoinorte.com\/site\/wp-content\/uploads\/2025\/03\/WhatsApp-Image-2025-03-30-at-13.09.13-683x1024.jpeg 683w, https:\/\/institutoinorte.com\/site\/wp-content\/uploads\/2025\/03\/WhatsApp-Image-2025-03-30-at-13.09.13-200x300.jpeg 200w, https:\/\/institutoinorte.com\/site\/wp-content\/uploads\/2025\/03\/WhatsApp-Image-2025-03-30-at-13.09.13-768x1152.jpeg 768w, https:\/\/institutoinorte.com\/site\/wp-content\/uploads\/2025\/03\/WhatsApp-Image-2025-03-30-at-13.09.13-1024x1536.jpeg 1024w, https:\/\/institutoinorte.com\/site\/wp-content\/uploads\/2025\/03\/WhatsApp-Image-2025-03-30-at-13.09.13.jpeg 1067w\" sizes=\"(max-width: 683px) 100vw, 683px\" \/><\/a>\n\t\t\t<\/div><\/figure><figure class='gallery-item'>\n\t\t\t<div class='gallery-icon landscape'>\n\t\t\t\t<a href='https:\/\/institutoinorte.com\/site\/inorte-celebra-a-conquista-do-premio-na-categoria-desenvolvimento-economico-e-sustentabilidade-ambiental-concedido-durante-a-noite-especial-do-premium-internacional-cop-30-no-teatro-silvio-romero-em\/whatsapp-image-2025-03-30-at-13-09-14-1\/'><img loading=\"lazy\" decoding=\"async\" width=\"800\" height=\"534\" src=\"https:\/\/institutoinorte.com\/site\/wp-content\/uploads\/2025\/03\/WhatsApp-Image-2025-03-30-at-13.09.14-1-1024x683.jpeg\" class=\"attachment-large size-large\" alt=\"\" srcset=\"https:\/\/institutoinorte.com\/site\/wp-content\/uploads\/2025\/03\/WhatsApp-Image-2025-03-30-at-13.09.14-1-1024x683.jpeg 1024w, https:\/\/institutoinorte.com\/site\/wp-content\/uploads\/2025\/03\/WhatsApp-Image-2025-03-30-at-13.09.14-1-300x200.jpeg 300w, https:\/\/institutoinorte.com\/site\/wp-content\/uploads\/2025\/03\/WhatsApp-Image-2025-03-30-at-13.09.14-1-768x512.jpeg 768w, https:\/\/institutoinorte.com\/site\/wp-content\/uploads\/2025\/03\/WhatsApp-Image-2025-03-30-at-13.09.14-1-1536x1024.jpeg 1536w, https:\/\/institutoinorte.com\/site\/wp-content\/uploads\/2025\/03\/WhatsApp-Image-2025-03-30-at-13.09.14-1.jpeg 1600w\" sizes=\"(max-width: 800px) 100vw, 800px\" \/><\/a>\n\t\t\t<\/div><\/figure><figure class='gallery-item'>\n\t\t\t<div class='gallery-icon landscape'>\n\t\t\t\t<a href='https:\/\/institutoinorte.com\/site\/inorte-celebra-a-conquista-do-premio-na-categoria-desenvolvimento-economico-e-sustentabilidade-ambiental-concedido-durante-a-noite-especial-do-premium-internacional-cop-30-no-teatro-silvio-romero-em\/whatsapp-image-2025-03-30-at-13-09-14\/'><img loading=\"lazy\" decoding=\"async\" width=\"800\" height=\"534\" src=\"https:\/\/institutoinorte.com\/site\/wp-content\/uploads\/2025\/03\/WhatsApp-Image-2025-03-30-at-13.09.14-1024x683.jpeg\" class=\"attachment-large size-large\" alt=\"\" srcset=\"https:\/\/institutoinorte.com\/site\/wp-content\/uploads\/2025\/03\/WhatsApp-Image-2025-03-30-at-13.09.14-1024x683.jpeg 1024w, https:\/\/institutoinorte.com\/site\/wp-content\/uploads\/2025\/03\/WhatsApp-Image-2025-03-30-at-13.09.14-300x200.jpeg 300w, https:\/\/institutoinorte.com\/site\/wp-content\/uploads\/2025\/03\/WhatsApp-Image-2025-03-30-at-13.09.14-768x512.jpeg 768w, https:\/\/institutoinorte.com\/site\/wp-content\/uploads\/2025\/03\/WhatsApp-Image-2025-03-30-at-13.09.14-1536x1024.jpeg 1536w, https:\/\/institutoinorte.com\/site\/wp-content\/uploads\/2025\/03\/WhatsApp-Image-2025-03-30-at-13.09.14.jpeg 1600w\" sizes=\"(max-width: 800px) 100vw, 800px\" \/><\/a>\n\t\t\t<\/div><\/figure>\n\t\t<\/div>\n\n","protected":false},"excerpt":{"rendered":"<p>\u00c9 com imensa alegria e gratid\u00e3o que a Inorte celebra a conquista do pr\u00eamio na categoria Desenvolvimento Econ\u00f4mico e Sustentabilidade Ambiental, concedido durante a noite especial do Premium Internacional COP 30, no Teatro Silvio Romero em Santana. Este reconhecimento, recebido no dia 29 de mar\u00e7o, representa um marco significativo em nossa jornada e refor\u00e7a o [&hellip;]<\/p>\n","protected":false},"author":2,"featured_media":4591,"comment_status":"open","ping_status":"open","sticky":false,"template":"","format":"standard","meta":{"footnotes":""},"categories":[1],"tags":[],"class_list":["post-4590","post","type-post","status-publish","format-standard","has-post-thumbnail","hentry","category-blog"],"_links":{"self":[{"href":"https:\/\/institutoinorte.com\/site\/wp-json\/wp\/v2\/posts\/4590","targetHints":{"allow":["GET"]}}],"collection":[{"href":"https:\/\/institutoinorte.com\/site\/wp-json\/wp\/v2\/posts"}],"about":[{"href":"https:\/\/institutoinorte.com\/site\/wp-json\/wp\/v2\/types\/post"}],"author":[{"embeddable":true,"href":"https:\/\/institutoinorte.com\/site\/wp-json\/wp\/v2\/users\/2"}],"replies":[{"embeddable":true,"href":"https:\/\/institutoinorte.com\/site\/wp-json\/wp\/v2\/comments?post=4590"}],"version-history":[{"count":1,"href":"https:\/\/institutoinorte.com\/site\/wp-json\/wp\/v2\/posts\/4590\/revisions"}],"predecessor-version":[{"id":4603,"href":"https:\/\/institutoinorte.com\/site\/wp-json\/wp\/v2\/posts\/4590\/revisions\/4603"}],"wp:featuredmedia":[{"embeddable":true,"href":"https:\/\/institutoinorte.com\/site\/wp-json\/wp\/v2\/media\/4591"}],"wp:attachment":[{"href":"https:\/\/institutoinorte.com\/site\/wp-json\/wp\/v2\/media?parent=4590"}],"wp:term":[{"taxonomy":"category","embeddable":true,"href":"https:\/\/institutoinorte.com\/site\/wp-json\/wp\/v2\/categories?post=4590"},{"taxonomy":"post_tag","embeddable":true,"href":"https:\/\/institutoinorte.com\/site\/wp-json\/wp\/v2\/tags?post=4590"}],"curies":[{"name":"wp","href":"https:\/\/api.w.org\/{rel}","templated":true}]}}