{"id":4580,"date":"2025-03-05T17:11:34","date_gmt":"2025-03-05T20:11:34","guid":{"rendered":"https:\/\/institutoinorte.com\/site\/?p=4580"},"modified":"2025-03-05T17:11:34","modified_gmt":"2025-03-05T20:11:34","slug":"blocos-de-carnaval-a-alma-da-folia-em-santana","status":"publish","type":"post","link":"https:\/\/institutoinorte.com\/site\/blocos-de-carnaval-a-alma-da-folia-em-santana\/","title":{"rendered":"Blocos de Carnaval: A alma da folia em Santana!"},"content":{"rendered":"<p>O Carnaval de Santana \u00e9 uma festa \u00fanica, e os blocos de rua s\u00e3o o cora\u00e7\u00e3o pulsante dessa celebra\u00e7\u00e3o! Com suas cores vibrantes, m\u00fasicas contagiantes e energia inesgot\u00e1vel, eles levam alegria, humor e fomento para todos os cantos da cidade.<\/p>\n<p>Mais do que um momento de divers\u00e3o, os blocos s\u00e3o uma manifesta\u00e7\u00e3o cultural aut\u00eantica, que fortalece as tradi\u00e7\u00f5es e a identidade do povo santanense. Atrav\u00e9s da m\u00fasica, da dan\u00e7a e da fantasia, eles proporcionam um espa\u00e7o de liberdade, express\u00e3o e uni\u00e3o entre as pessoas.<\/p>\n<p>A Inorte tem orgulho de fazer parte dessa festa grandiosa, contribuindo para que a magia do Carnaval de Santana aconte\u00e7a! Agradecemos \u00e0 Prefeitura de Santana pela confian\u00e7a em nosso trabalho e parabenizamos a todos os blocos, foli\u00f5es e organizadores que fazem do Carnaval de Santana um evento memor\u00e1vel!<\/p>\n<p><strong>Juntos, fazemos a folia acontecer!<\/strong><\/p>\n<div style=\"width: 800px;\" class=\"wp-video\"><!--[if lt IE 9]><script>document.createElement('video');<\/script><![endif]-->\n<video class=\"wp-video-shortcode\" id=\"video-4580-1\" width=\"800\" height=\"453\" preload=\"metadata\" controls=\"controls\"><source type=\"video\/mp4\" src=\"https:\/\/institutoinorte.com\/site\/wp-content\/uploads\/2025\/03\/WhatsApp-Video-2025-03-04-at-21.46.46.mp4?_=1\" \/><a href=\"https:\/\/institutoinorte.com\/site\/wp-content\/uploads\/2025\/03\/WhatsApp-Video-2025-03-04-at-21.46.46.mp4\">https:\/\/institutoinorte.com\/site\/wp-content\/uploads\/2025\/03\/WhatsApp-Video-2025-03-04-at-21.46.46.mp4<\/a><\/video><\/div>\n<div style=\"width: 800px;\" class=\"wp-video\"><video class=\"wp-video-shortcode\" id=\"video-4580-2\" width=\"800\" height=\"453\" preload=\"metadata\" controls=\"controls\"><source type=\"video\/mp4\" src=\"https:\/\/institutoinorte.com\/site\/wp-content\/uploads\/2025\/03\/WhatsApp-Video-2025-03-04-at-21.46.53.mp4?_=2\" \/><a href=\"https:\/\/institutoinorte.com\/site\/wp-content\/uploads\/2025\/03\/WhatsApp-Video-2025-03-04-at-21.46.53.mp4\">https:\/\/institutoinorte.com\/site\/wp-content\/uploads\/2025\/03\/WhatsApp-Video-2025-03-04-at-21.46.53.mp4<\/a><\/video><\/div>\n<div style=\"width: 800px;\" class=\"wp-video\"><video class=\"wp-video-shortcode\" id=\"video-4580-3\" width=\"800\" height=\"453\" preload=\"metadata\" controls=\"controls\"><source type=\"video\/mp4\" src=\"https:\/\/institutoinorte.com\/site\/wp-content\/uploads\/2025\/03\/WhatsApp-Video-2025-03-04-at-21.47.09.mp4?_=3\" \/><a href=\"https:\/\/institutoinorte.com\/site\/wp-content\/uploads\/2025\/03\/WhatsApp-Video-2025-03-04-at-21.47.09.mp4\">https:\/\/institutoinorte.com\/site\/wp-content\/uploads\/2025\/03\/WhatsApp-Video-2025-03-04-at-21.47.09.mp4<\/a><\/video><\/div>\n<div style=\"width: 800px;\" class=\"wp-video\"><video class=\"wp-video-shortcode\" id=\"video-4580-4\" width=\"800\" height=\"453\" preload=\"metadata\" controls=\"controls\"><source type=\"video\/mp4\" src=\"https:\/\/institutoinorte.com\/site\/wp-content\/uploads\/2025\/03\/WhatsApp-Video-2025-03-04-at-21.47.14.mp4?_=4\" \/><a href=\"https:\/\/institutoinorte.com\/site\/wp-content\/uploads\/2025\/03\/WhatsApp-Video-2025-03-04-at-21.47.14.mp4\">https:\/\/institutoinorte.com\/site\/wp-content\/uploads\/2025\/03\/WhatsApp-Video-2025-03-04-at-21.47.14.mp4<\/a><\/video><\/div>\n","protected":false},"excerpt":{"rendered":"<p>O Carnaval de Santana \u00e9 uma festa \u00fanica, e os blocos de rua s\u00e3o o cora\u00e7\u00e3o pulsante dessa celebra\u00e7\u00e3o! Com suas cores vibrantes, m\u00fasicas contagiantes e energia inesgot\u00e1vel, eles levam alegria, humor e fomento para todos os cantos da cidade. Mais do que um momento de divers\u00e3o, os blocos s\u00e3o uma manifesta\u00e7\u00e3o cultural aut\u00eantica, que [&hellip;]<\/p>\n","protected":false},"author":2,"featured_media":4585,"comment_status":"open","ping_status":"open","sticky":false,"template":"","format":"standard","meta":{"footnotes":""},"categories":[1],"tags":[],"class_list":["post-4580","post","type-post","status-publish","format-standard","has-post-thumbnail","hentry","category-blog"],"_links":{"self":[{"href":"https:\/\/institutoinorte.com\/site\/wp-json\/wp\/v2\/posts\/4580","targetHints":{"allow":["GET"]}}],"collection":[{"href":"https:\/\/institutoinorte.com\/site\/wp-json\/wp\/v2\/posts"}],"about":[{"href":"https:\/\/institutoinorte.com\/site\/wp-json\/wp\/v2\/types\/post"}],"author":[{"embeddable":true,"href":"https:\/\/institutoinorte.com\/site\/wp-json\/wp\/v2\/users\/2"}],"replies":[{"embeddable":true,"href":"https:\/\/institutoinorte.com\/site\/wp-json\/wp\/v2\/comments?post=4580"}],"version-history":[{"count":1,"href":"https:\/\/institutoinorte.com\/site\/wp-json\/wp\/v2\/posts\/4580\/revisions"}],"predecessor-version":[{"id":4586,"href":"https:\/\/institutoinorte.com\/site\/wp-json\/wp\/v2\/posts\/4580\/revisions\/4586"}],"wp:featuredmedia":[{"embeddable":true,"href":"https:\/\/institutoinorte.com\/site\/wp-json\/wp\/v2\/media\/4585"}],"wp:attachment":[{"href":"https:\/\/institutoinorte.com\/site\/wp-json\/wp\/v2\/media?parent=4580"}],"wp:term":[{"taxonomy":"category","embeddable":true,"href":"https:\/\/institutoinorte.com\/site\/wp-json\/wp\/v2\/categories?post=4580"},{"taxonomy":"post_tag","embeddable":true,"href":"https:\/\/institutoinorte.com\/site\/wp-json\/wp\/v2\/tags?post=4580"}],"curies":[{"name":"wp","href":"https:\/\/api.w.org\/{rel}","templated":true}]}}