{"id":4548,"date":"2025-03-04T13:36:23","date_gmt":"2025-03-04T16:36:23","guid":{"rendered":"https:\/\/institutoinorte.com\/site\/?p=4548"},"modified":"2025-03-04T13:36:23","modified_gmt":"2025-03-04T16:36:23","slug":"inorte-ilumina-o-carnaval-de-santana-2025-investimento-em-cultura-e-celebracao-da-diversidade-artistica","status":"publish","type":"post","link":"https:\/\/institutoinorte.com\/site\/inorte-ilumina-o-carnaval-de-santana-2025-investimento-em-cultura-e-celebracao-da-diversidade-artistica\/","title":{"rendered":"Inorte Ilumina o Carnaval de Santana 2025: Investimento em Cultura e Celebra\u00e7\u00e3o da Diversidade Art\u00edstica"},"content":{"rendered":"<p>O Carnaval de Santana 2025 promete ser um marco na hist\u00f3ria da cidade, com a Inorte desempenhando um papel fundamental na promo\u00e7\u00e3o da cultura e no apoio aos artistas locais e nacionais. Atrav\u00e9s de um investimento significativo, a empresa se consolida como uma parceira essencial na realiza\u00e7\u00e3o de um evento vibrante e memor\u00e1vel.<\/p>\n<p><strong>Valoriza\u00e7\u00e3o dos Talentos Locais e nacionais<\/strong><br \/>\nA Inorte reconhece a riqueza cultural de Santana e a import\u00e2ncia de valorizar os artistas da regi\u00e3o. Em 2025, o investimento da empresa se traduz em oportunidades para m\u00fasicos, dan\u00e7arinos, artes\u00e3os e outros profissionais da cultura local mostrarem seu talento e contribu\u00edrem para a constru\u00e7\u00e3o de um Carnaval aut\u00eantico e representativo da identidade santanense.<\/p>\n<p>Al\u00e9m de impulsionar a cena local, a Inorte traz para o Carnaval de Santana 2025 grandes nomes da m\u00fasica brasileira, proporcionando ao p\u00fablico shows memor\u00e1veis e diversificados. A presen\u00e7a de artistas renomados eleva o patamar do evento, atraindo turistas e fortalecendo o calend\u00e1rio cultural da cidade.<\/p>\n<p><strong>Compromisso com a Cultura<\/strong><br \/>\nO investimento da Inorte no Carnaval de Santana 2025 reflete o compromisso da empresa com o desenvolvimento cultural da regi\u00e3o. Acreditamos que a cultura \u00e9 um pilar fundamental para a constru\u00e7\u00e3o de uma sociedade mais justa e pr\u00f3spera, e por isso apoiamos iniciativas que promovam a arte, a diversidade e a identidade local.<\/p>\n<p>A Inorte se orgulha de fazer parte da hist\u00f3ria do Carnaval de Santana e de contribuir para a realiza\u00e7\u00e3o de um evento que celebra a cultura, a arte e a alegria. Em 2025, convidamos todos a se juntarem a n\u00f3s nessa grande festa, onde a energia e a paix\u00e3o pela cultura se encontram.<\/p>\n<div id='gallery-1' class='gallery galleryid-4548 gallery-columns-4 gallery-size-large'><figure class='gallery-item'>\n\t\t\t<div class='gallery-icon landscape'>\n\t\t\t\t<a href='https:\/\/institutoinorte.com\/site\/wp-content\/uploads\/2025\/03\/WhatsApp-Image-2025-03-03-at-23.12.52.jpeg'><img fetchpriority=\"high\" decoding=\"async\" width=\"800\" height=\"450\" src=\"https:\/\/institutoinorte.com\/site\/wp-content\/uploads\/2025\/03\/WhatsApp-Image-2025-03-03-at-23.12.52-1024x576.jpeg\" class=\"attachment-large size-large\" alt=\"\" srcset=\"https:\/\/institutoinorte.com\/site\/wp-content\/uploads\/2025\/03\/WhatsApp-Image-2025-03-03-at-23.12.52-1024x576.jpeg 1024w, https:\/\/institutoinorte.com\/site\/wp-content\/uploads\/2025\/03\/WhatsApp-Image-2025-03-03-at-23.12.52-300x169.jpeg 300w, https:\/\/institutoinorte.com\/site\/wp-content\/uploads\/2025\/03\/WhatsApp-Image-2025-03-03-at-23.12.52-768x432.jpeg 768w, https:\/\/institutoinorte.com\/site\/wp-content\/uploads\/2025\/03\/WhatsApp-Image-2025-03-03-at-23.12.52-1536x864.jpeg 1536w, https:\/\/institutoinorte.com\/site\/wp-content\/uploads\/2025\/03\/WhatsApp-Image-2025-03-03-at-23.12.52.jpeg 1600w\" sizes=\"(max-width: 800px) 100vw, 800px\" \/><\/a>\n\t\t\t<\/div><\/figure><figure class='gallery-item'>\n\t\t\t<div class='gallery-icon landscape'>\n\t\t\t\t<a href='https:\/\/institutoinorte.com\/site\/wp-content\/uploads\/2025\/03\/WhatsApp-Image-2025-03-03-at-23.12.27.jpeg'><img decoding=\"async\" width=\"800\" height=\"450\" src=\"https:\/\/institutoinorte.com\/site\/wp-content\/uploads\/2025\/03\/WhatsApp-Image-2025-03-03-at-23.12.27-1024x576.jpeg\" class=\"attachment-large size-large\" alt=\"\" srcset=\"https:\/\/institutoinorte.com\/site\/wp-content\/uploads\/2025\/03\/WhatsApp-Image-2025-03-03-at-23.12.27-1024x576.jpeg 1024w, https:\/\/institutoinorte.com\/site\/wp-content\/uploads\/2025\/03\/WhatsApp-Image-2025-03-03-at-23.12.27-300x169.jpeg 300w, https:\/\/institutoinorte.com\/site\/wp-content\/uploads\/2025\/03\/WhatsApp-Image-2025-03-03-at-23.12.27-768x432.jpeg 768w, https:\/\/institutoinorte.com\/site\/wp-content\/uploads\/2025\/03\/WhatsApp-Image-2025-03-03-at-23.12.27-1536x864.jpeg 1536w, https:\/\/institutoinorte.com\/site\/wp-content\/uploads\/2025\/03\/WhatsApp-Image-2025-03-03-at-23.12.27.jpeg 1600w\" sizes=\"(max-width: 800px) 100vw, 800px\" \/><\/a>\n\t\t\t<\/div><\/figure><figure class='gallery-item'>\n\t\t\t<div class='gallery-icon landscape'>\n\t\t\t\t<a href='https:\/\/institutoinorte.com\/site\/wp-content\/uploads\/2025\/03\/WhatsApp-Image-2025-03-03-at-23.12.26.jpeg'><img decoding=\"async\" width=\"800\" height=\"450\" src=\"https:\/\/institutoinorte.com\/site\/wp-content\/uploads\/2025\/03\/WhatsApp-Image-2025-03-03-at-23.12.26-1024x576.jpeg\" class=\"attachment-large size-large\" alt=\"\" srcset=\"https:\/\/institutoinorte.com\/site\/wp-content\/uploads\/2025\/03\/WhatsApp-Image-2025-03-03-at-23.12.26-1024x576.jpeg 1024w, https:\/\/institutoinorte.com\/site\/wp-content\/uploads\/2025\/03\/WhatsApp-Image-2025-03-03-at-23.12.26-300x169.jpeg 300w, https:\/\/institutoinorte.com\/site\/wp-content\/uploads\/2025\/03\/WhatsApp-Image-2025-03-03-at-23.12.26-768x432.jpeg 768w, https:\/\/institutoinorte.com\/site\/wp-content\/uploads\/2025\/03\/WhatsApp-Image-2025-03-03-at-23.12.26-1536x864.jpeg 1536w, https:\/\/institutoinorte.com\/site\/wp-content\/uploads\/2025\/03\/WhatsApp-Image-2025-03-03-at-23.12.26.jpeg 1600w\" sizes=\"(max-width: 800px) 100vw, 800px\" \/><\/a>\n\t\t\t<\/div><\/figure><figure class='gallery-item'>\n\t\t\t<div class='gallery-icon landscape'>\n\t\t\t\t<a href='https:\/\/institutoinorte.com\/site\/wp-content\/uploads\/2025\/03\/WhatsApp-Image-2025-03-03-at-23.12.25.jpeg'><img loading=\"lazy\" decoding=\"async\" width=\"800\" height=\"450\" src=\"https:\/\/institutoinorte.com\/site\/wp-content\/uploads\/2025\/03\/WhatsApp-Image-2025-03-03-at-23.12.25-1024x576.jpeg\" class=\"attachment-large size-large\" alt=\"\" srcset=\"https:\/\/institutoinorte.com\/site\/wp-content\/uploads\/2025\/03\/WhatsApp-Image-2025-03-03-at-23.12.25-1024x576.jpeg 1024w, https:\/\/institutoinorte.com\/site\/wp-content\/uploads\/2025\/03\/WhatsApp-Image-2025-03-03-at-23.12.25-300x169.jpeg 300w, https:\/\/institutoinorte.com\/site\/wp-content\/uploads\/2025\/03\/WhatsApp-Image-2025-03-03-at-23.12.25-768x432.jpeg 768w, https:\/\/institutoinorte.com\/site\/wp-content\/uploads\/2025\/03\/WhatsApp-Image-2025-03-03-at-23.12.25-1536x864.jpeg 1536w, https:\/\/institutoinorte.com\/site\/wp-content\/uploads\/2025\/03\/WhatsApp-Image-2025-03-03-at-23.12.25.jpeg 1600w\" sizes=\"(max-width: 800px) 100vw, 800px\" \/><\/a>\n\t\t\t<\/div><\/figure>\n\t\t<\/div>\n\n","protected":false},"excerpt":{"rendered":"<p>O Carnaval de Santana 2025 promete ser um marco na hist\u00f3ria da cidade, com a Inorte desempenhando um papel fundamental na promo\u00e7\u00e3o da cultura e no apoio aos artistas locais e nacionais. Atrav\u00e9s de um investimento significativo, a empresa se consolida como uma parceira essencial na realiza\u00e7\u00e3o de um evento vibrante e memor\u00e1vel. Valoriza\u00e7\u00e3o dos [&hellip;]<\/p>\n","protected":false},"author":2,"featured_media":4549,"comment_status":"open","ping_status":"open","sticky":false,"template":"","format":"standard","meta":{"footnotes":""},"categories":[1],"tags":[],"class_list":["post-4548","post","type-post","status-publish","format-standard","has-post-thumbnail","hentry","category-blog"],"_links":{"self":[{"href":"https:\/\/institutoinorte.com\/site\/wp-json\/wp\/v2\/posts\/4548","targetHints":{"allow":["GET"]}}],"collection":[{"href":"https:\/\/institutoinorte.com\/site\/wp-json\/wp\/v2\/posts"}],"about":[{"href":"https:\/\/institutoinorte.com\/site\/wp-json\/wp\/v2\/types\/post"}],"author":[{"embeddable":true,"href":"https:\/\/institutoinorte.com\/site\/wp-json\/wp\/v2\/users\/2"}],"replies":[{"embeddable":true,"href":"https:\/\/institutoinorte.com\/site\/wp-json\/wp\/v2\/comments?post=4548"}],"version-history":[{"count":1,"href":"https:\/\/institutoinorte.com\/site\/wp-json\/wp\/v2\/posts\/4548\/revisions"}],"predecessor-version":[{"id":4554,"href":"https:\/\/institutoinorte.com\/site\/wp-json\/wp\/v2\/posts\/4548\/revisions\/4554"}],"wp:featuredmedia":[{"embeddable":true,"href":"https:\/\/institutoinorte.com\/site\/wp-json\/wp\/v2\/media\/4549"}],"wp:attachment":[{"href":"https:\/\/institutoinorte.com\/site\/wp-json\/wp\/v2\/media?parent=4548"}],"wp:term":[{"taxonomy":"category","embeddable":true,"href":"https:\/\/institutoinorte.com\/site\/wp-json\/wp\/v2\/categories?post=4548"},{"taxonomy":"post_tag","embeddable":true,"href":"https:\/\/institutoinorte.com\/site\/wp-json\/wp\/v2\/tags?post=4548"}],"curies":[{"name":"wp","href":"https:\/\/api.w.org\/{rel}","templated":true}]}}