{"id":4475,"date":"2025-02-08T15:52:28","date_gmt":"2025-02-08T18:52:28","guid":{"rendered":"https:\/\/institutoinorte.com\/site\/?p=4475"},"modified":"2025-02-08T15:52:28","modified_gmt":"2025-02-08T18:52:28","slug":"projeto-boa-semente-um-oasis-de-esperanca-e-futuro-em-santana","status":"publish","type":"post","link":"https:\/\/institutoinorte.com\/site\/projeto-boa-semente-um-oasis-de-esperanca-e-futuro-em-santana\/","title":{"rendered":"Projeto Boa Semente: Um O\u00e1sis de Esperan\u00e7a e Futuro em Santana"},"content":{"rendered":"<p>No cora\u00e7\u00e3o de Santana, onde a f\u00e9 se encontra com a necessidade, o Projeto Boa Semente floresce como um farol de esperan\u00e7a para mais de 90 crian\u00e7as. Fruto da parceria aben\u00e7oada entre a Inorte e a Igreja Cana\u00e3, este projeto transformador \u00e9 um o\u00e1sis de amor e oportunidades para crian\u00e7as em vulnerabilidade social.<\/p>\n<p>A cada s\u00e1bado, a magia se repete. As crian\u00e7as, com seus sorrisos radiantes e olhares sedentos por conhecimento, encontram um ref\u00fagio acolhedor onde a f\u00e9, a educa\u00e7\u00e3o e a brincadeira se entrela\u00e7am.<\/p>\n<p>Sob a luz da manh\u00e3, o projeto se transforma em um palco de sonhos. As crian\u00e7as participam de atividades recreativas que despertam a alegria e a uni\u00e3o, enquanto praticam valores de boa conviv\u00eancia que os guiam para um futuro promissor.<\/p>\n<p>O refor\u00e7o escolar, como uma b\u00fassola, ilumina o caminho do aprendizado, capacitando-as a trilhar um futuro de oportunidades. As atividades interativas, como pinceladas de cores em um quadro, despertam a criatividade e a express\u00e3o individual de cada crian\u00e7a.<\/p>\n<p>E as ora\u00e7\u00f5es, como um b\u00e1lsamo para a alma, fortalecem a f\u00e9 e a esperan\u00e7a em um futuro melhor.<\/p>\n<p>Desde 2022, o Projeto Boa Semente tem sido um agente de transforma\u00e7\u00e3o na vida de mais de 90 crian\u00e7as e suas fam\u00edlias. Com um investimento 100% da Inorte, este projeto tem oferecido apoio educacional, social e emocional, construindo um futuro promissor para cada crian\u00e7a.<\/p>\n<p>Irandir Ferreira, com sua vis\u00e3o inspiradora, expressa o desejo de &#8220;fazer a diferen\u00e7a na vida dessas pessoas com um olhar voltado para o futuro&#8221;. E o Projeto Boa Semente, com sua dedica\u00e7\u00e3o e amor, personifica essa vis\u00e3o, semeando um futuro de esperan\u00e7a e oportunidades para as crian\u00e7as de Santana.<\/p>\n<p>Que o Projeto Boa Semente continue a florescer e a transformar vidas, construindo um futuro mais justo e promissor para as crian\u00e7as de Santana!<\/p>\n<div id='gallery-1' class='gallery galleryid-4475 gallery-columns-3 gallery-size-large'><figure class='gallery-item'>\n\t\t\t<div class='gallery-icon portrait'>\n\t\t\t\t<a href='https:\/\/institutoinorte.com\/site\/wp-content\/uploads\/2025\/02\/WhatsApp-Image-2025-02-08-at-09.41.48.jpeg'><img fetchpriority=\"high\" decoding=\"async\" width=\"768\" height=\"1024\" src=\"https:\/\/institutoinorte.com\/site\/wp-content\/uploads\/2025\/02\/WhatsApp-Image-2025-02-08-at-09.41.48-768x1024.jpeg\" class=\"attachment-large size-large\" alt=\"\" srcset=\"https:\/\/institutoinorte.com\/site\/wp-content\/uploads\/2025\/02\/WhatsApp-Image-2025-02-08-at-09.41.48-768x1024.jpeg 768w, https:\/\/institutoinorte.com\/site\/wp-content\/uploads\/2025\/02\/WhatsApp-Image-2025-02-08-at-09.41.48-225x300.jpeg 225w, https:\/\/institutoinorte.com\/site\/wp-content\/uploads\/2025\/02\/WhatsApp-Image-2025-02-08-at-09.41.48-1152x1536.jpeg 1152w, https:\/\/institutoinorte.com\/site\/wp-content\/uploads\/2025\/02\/WhatsApp-Image-2025-02-08-at-09.41.48.jpeg 1200w\" sizes=\"(max-width: 768px) 100vw, 768px\" \/><\/a>\n\t\t\t<\/div><\/figure><figure class='gallery-item'>\n\t\t\t<div class='gallery-icon portrait'>\n\t\t\t\t<a href='https:\/\/institutoinorte.com\/site\/wp-content\/uploads\/2025\/02\/WhatsApp-Image-2025-02-08-at-09.31.51.jpeg'><img decoding=\"async\" width=\"768\" height=\"1024\" src=\"https:\/\/institutoinorte.com\/site\/wp-content\/uploads\/2025\/02\/WhatsApp-Image-2025-02-08-at-09.31.51-768x1024.jpeg\" class=\"attachment-large size-large\" alt=\"\" srcset=\"https:\/\/institutoinorte.com\/site\/wp-content\/uploads\/2025\/02\/WhatsApp-Image-2025-02-08-at-09.31.51-768x1024.jpeg 768w, https:\/\/institutoinorte.com\/site\/wp-content\/uploads\/2025\/02\/WhatsApp-Image-2025-02-08-at-09.31.51-225x300.jpeg 225w, https:\/\/institutoinorte.com\/site\/wp-content\/uploads\/2025\/02\/WhatsApp-Image-2025-02-08-at-09.31.51.jpeg 960w\" sizes=\"(max-width: 768px) 100vw, 768px\" \/><\/a>\n\t\t\t<\/div><\/figure><figure class='gallery-item'>\n\t\t\t<div class='gallery-icon portrait'>\n\t\t\t\t<a href='https:\/\/institutoinorte.com\/site\/wp-content\/uploads\/2025\/02\/WhatsApp-Image-2025-02-08-at-09.31.41.jpeg'><img decoding=\"async\" width=\"768\" height=\"1024\" src=\"https:\/\/institutoinorte.com\/site\/wp-content\/uploads\/2025\/02\/WhatsApp-Image-2025-02-08-at-09.31.41-768x1024.jpeg\" class=\"attachment-large size-large\" alt=\"\" srcset=\"https:\/\/institutoinorte.com\/site\/wp-content\/uploads\/2025\/02\/WhatsApp-Image-2025-02-08-at-09.31.41-768x1024.jpeg 768w, https:\/\/institutoinorte.com\/site\/wp-content\/uploads\/2025\/02\/WhatsApp-Image-2025-02-08-at-09.31.41-225x300.jpeg 225w, https:\/\/institutoinorte.com\/site\/wp-content\/uploads\/2025\/02\/WhatsApp-Image-2025-02-08-at-09.31.41.jpeg 960w\" sizes=\"(max-width: 768px) 100vw, 768px\" \/><\/a>\n\t\t\t<\/div><\/figure>\n\t\t<\/div>\n\n","protected":false},"excerpt":{"rendered":"<p>No cora\u00e7\u00e3o de Santana, onde a f\u00e9 se encontra com a necessidade, o Projeto Boa Semente floresce como um farol de esperan\u00e7a para mais de 90 crian\u00e7as. Fruto da parceria aben\u00e7oada entre a Inorte e a Igreja Cana\u00e3, este projeto transformador \u00e9 um o\u00e1sis de amor e oportunidades para crian\u00e7as em vulnerabilidade social. A cada [&hellip;]<\/p>\n","protected":false},"author":2,"featured_media":4476,"comment_status":"open","ping_status":"open","sticky":false,"template":"","format":"standard","meta":{"footnotes":""},"categories":[1],"tags":[],"class_list":["post-4475","post","type-post","status-publish","format-standard","has-post-thumbnail","hentry","category-blog"],"_links":{"self":[{"href":"https:\/\/institutoinorte.com\/site\/wp-json\/wp\/v2\/posts\/4475","targetHints":{"allow":["GET"]}}],"collection":[{"href":"https:\/\/institutoinorte.com\/site\/wp-json\/wp\/v2\/posts"}],"about":[{"href":"https:\/\/institutoinorte.com\/site\/wp-json\/wp\/v2\/types\/post"}],"author":[{"embeddable":true,"href":"https:\/\/institutoinorte.com\/site\/wp-json\/wp\/v2\/users\/2"}],"replies":[{"embeddable":true,"href":"https:\/\/institutoinorte.com\/site\/wp-json\/wp\/v2\/comments?post=4475"}],"version-history":[{"count":1,"href":"https:\/\/institutoinorte.com\/site\/wp-json\/wp\/v2\/posts\/4475\/revisions"}],"predecessor-version":[{"id":4480,"href":"https:\/\/institutoinorte.com\/site\/wp-json\/wp\/v2\/posts\/4475\/revisions\/4480"}],"wp:featuredmedia":[{"embeddable":true,"href":"https:\/\/institutoinorte.com\/site\/wp-json\/wp\/v2\/media\/4476"}],"wp:attachment":[{"href":"https:\/\/institutoinorte.com\/site\/wp-json\/wp\/v2\/media?parent=4475"}],"wp:term":[{"taxonomy":"category","embeddable":true,"href":"https:\/\/institutoinorte.com\/site\/wp-json\/wp\/v2\/categories?post=4475"},{"taxonomy":"post_tag","embeddable":true,"href":"https:\/\/institutoinorte.com\/site\/wp-json\/wp\/v2\/tags?post=4475"}],"curies":[{"name":"wp","href":"https:\/\/api.w.org\/{rel}","templated":true}]}}