{"id":2126,"date":"2024-12-17T20:21:17","date_gmt":"2024-12-17T23:21:17","guid":{"rendered":"https:\/\/institutoinorte.com\/site\/?p=2126"},"modified":"2025-01-16T14:21:16","modified_gmt":"2025-01-16T17:21:16","slug":"santana-celebra-37-anos-de-emancipacao-com-programacao-especial","status":"publish","type":"post","link":"https:\/\/institutoinorte.com\/site\/santana-celebra-37-anos-de-emancipacao-com-programacao-especial\/","title":{"rendered":"Santana Celebra 37 Anos de Emancipa\u00e7\u00e3o com Programa\u00e7\u00e3o Especial"},"content":{"rendered":"<p style=\"text-align: justify;\">Nesta ter\u00e7a-feira, 17 de dezembro, o munic\u00edpio de Santana comemorou seus 37 anos de emancipa\u00e7\u00e3o pol\u00edtico-administrativa com uma programa\u00e7\u00e3o especial realizada no Cine Teatro Silvio Romero.<\/p>\n<p style=\"text-align: justify;\">O evento contou com a presen\u00e7a de autoridades estaduais e municipais, al\u00e9m de reunir a popula\u00e7\u00e3o santanense para prestigiar uma s\u00e9rie de atividades culturais. Entre os destaques da programa\u00e7\u00e3o estavam apresenta\u00e7\u00f5es art\u00edsticas, uma b\u00ean\u00e7\u00e3o ecum\u00eanica, o tradicional corte do bolo e a distribui\u00e7\u00e3o de mini bolos aos mun\u00edcipes, simbolizando o esp\u00edrito de uni\u00e3o e pertencimento \u00e0 cidade.<\/p>\n<p style=\"text-align: justify;\">A cerim\u00f4nia integra o projeto Viva Santana, que teve in\u00edcio no m\u00eas de novembro e promove uma s\u00e9rie de a\u00e7\u00f5es em prol da valoriza\u00e7\u00e3o da cultura, esporte, hist\u00f3ria e desenvolvimento do munic\u00edpio.<\/p>\n<p style=\"text-align: justify;\">A celebra\u00e7\u00e3o marcou um momento de reflex\u00e3o sobre o crescimento de Santana ao longo de suas mais de tr\u00eas d\u00e9cadas, reafirmando o compromisso de suas lideran\u00e7as e cidad\u00e3os com o progresso e a qualidade de vida da popula\u00e7\u00e3o.<\/p>\n<div id='gallery-1' class='gallery galleryid-2126 gallery-columns-3 gallery-size-large'><figure class='gallery-item'>\n\t\t\t<div class='gallery-icon portrait'>\n\t\t\t\t<a href='https:\/\/institutoinorte.com\/site\/wp-content\/uploads\/2024\/12\/Imagem19.jpg'><img fetchpriority=\"high\" decoding=\"async\" width=\"567\" height=\"756\" src=\"https:\/\/institutoinorte.com\/site\/wp-content\/uploads\/2024\/12\/Imagem19.jpg\" class=\"attachment-large size-large\" alt=\"\" srcset=\"https:\/\/institutoinorte.com\/site\/wp-content\/uploads\/2024\/12\/Imagem19.jpg 567w, https:\/\/institutoinorte.com\/site\/wp-content\/uploads\/2024\/12\/Imagem19-225x300.jpg 225w\" sizes=\"(max-width: 567px) 100vw, 567px\" \/><\/a>\n\t\t\t<\/div><\/figure><figure class='gallery-item'>\n\t\t\t<div class='gallery-icon portrait'>\n\t\t\t\t<a href='https:\/\/institutoinorte.com\/site\/wp-content\/uploads\/2024\/12\/Imagem18.jpg'><img decoding=\"async\" width=\"567\" height=\"838\" src=\"https:\/\/institutoinorte.com\/site\/wp-content\/uploads\/2024\/12\/Imagem18.jpg\" class=\"attachment-large size-large\" alt=\"\" srcset=\"https:\/\/institutoinorte.com\/site\/wp-content\/uploads\/2024\/12\/Imagem18.jpg 567w, https:\/\/institutoinorte.com\/site\/wp-content\/uploads\/2024\/12\/Imagem18-203x300.jpg 203w\" sizes=\"(max-width: 567px) 100vw, 567px\" \/><\/a>\n\t\t\t<\/div><\/figure><figure class='gallery-item'>\n\t\t\t<div class='gallery-icon portrait'>\n\t\t\t\t<a href='https:\/\/institutoinorte.com\/site\/wp-content\/uploads\/2024\/12\/Imagem16.jpg'><img decoding=\"async\" width=\"567\" height=\"856\" src=\"https:\/\/institutoinorte.com\/site\/wp-content\/uploads\/2024\/12\/Imagem16.jpg\" class=\"attachment-large size-large\" alt=\"\" srcset=\"https:\/\/institutoinorte.com\/site\/wp-content\/uploads\/2024\/12\/Imagem16.jpg 567w, https:\/\/institutoinorte.com\/site\/wp-content\/uploads\/2024\/12\/Imagem16-199x300.jpg 199w\" sizes=\"(max-width: 567px) 100vw, 567px\" \/><\/a>\n\t\t\t<\/div><\/figure><figure class='gallery-item'>\n\t\t\t<div class='gallery-icon portrait'>\n\t\t\t\t<a href='https:\/\/institutoinorte.com\/site\/wp-content\/uploads\/2024\/12\/Imagem17.jpg'><img loading=\"lazy\" decoding=\"async\" width=\"567\" height=\"756\" src=\"https:\/\/institutoinorte.com\/site\/wp-content\/uploads\/2024\/12\/Imagem17.jpg\" class=\"attachment-large size-large\" alt=\"\" srcset=\"https:\/\/institutoinorte.com\/site\/wp-content\/uploads\/2024\/12\/Imagem17.jpg 567w, https:\/\/institutoinorte.com\/site\/wp-content\/uploads\/2024\/12\/Imagem17-225x300.jpg 225w\" sizes=\"(max-width: 567px) 100vw, 567px\" \/><\/a>\n\t\t\t<\/div><\/figure><figure class='gallery-item'>\n\t\t\t<div class='gallery-icon portrait'>\n\t\t\t\t<a href='https:\/\/institutoinorte.com\/site\/wp-content\/uploads\/2024\/12\/Imagem15.jpg'><img loading=\"lazy\" decoding=\"async\" width=\"567\" height=\"756\" src=\"https:\/\/institutoinorte.com\/site\/wp-content\/uploads\/2024\/12\/Imagem15.jpg\" class=\"attachment-large size-large\" alt=\"\" srcset=\"https:\/\/institutoinorte.com\/site\/wp-content\/uploads\/2024\/12\/Imagem15.jpg 567w, https:\/\/institutoinorte.com\/site\/wp-content\/uploads\/2024\/12\/Imagem15-225x300.jpg 225w\" sizes=\"(max-width: 567px) 100vw, 567px\" \/><\/a>\n\t\t\t<\/div><\/figure><figure class='gallery-item'>\n\t\t\t<div class='gallery-icon portrait'>\n\t\t\t\t<a href='https:\/\/institutoinorte.com\/site\/wp-content\/uploads\/2024\/12\/33c64fc9a5d530de4afdb933e361e9ef.jpg'><img loading=\"lazy\" decoding=\"async\" width=\"567\" height=\"926\" src=\"https:\/\/institutoinorte.com\/site\/wp-content\/uploads\/2024\/12\/33c64fc9a5d530de4afdb933e361e9ef.jpg\" class=\"attachment-large size-large\" alt=\"\" srcset=\"https:\/\/institutoinorte.com\/site\/wp-content\/uploads\/2024\/12\/33c64fc9a5d530de4afdb933e361e9ef.jpg 567w, https:\/\/institutoinorte.com\/site\/wp-content\/uploads\/2024\/12\/33c64fc9a5d530de4afdb933e361e9ef-184x300.jpg 184w\" sizes=\"(max-width: 567px) 100vw, 567px\" \/><\/a>\n\t\t\t<\/div><\/figure>\n\t\t<\/div>\n\n","protected":false},"excerpt":{"rendered":"<p>O evento contou com a presen\u00e7a de autoridades estaduais e municipais, al\u00e9m de reunir a popula\u00e7\u00e3o santanense para prestigiar uma s\u00e9rie de atividades culturais.<\/p>\n","protected":false},"author":1,"featured_media":2127,"comment_status":"open","ping_status":"open","sticky":false,"template":"","format":"standard","meta":{"footnotes":""},"categories":[27,16,12],"tags":[],"class_list":["post-2126","post","type-post","status-publish","format-standard","has-post-thumbnail","hentry","category-inorte-cultura","category-noticias","category-projetos"],"_links":{"self":[{"href":"https:\/\/institutoinorte.com\/site\/wp-json\/wp\/v2\/posts\/2126","targetHints":{"allow":["GET"]}}],"collection":[{"href":"https:\/\/institutoinorte.com\/site\/wp-json\/wp\/v2\/posts"}],"about":[{"href":"https:\/\/institutoinorte.com\/site\/wp-json\/wp\/v2\/types\/post"}],"author":[{"embeddable":true,"href":"https:\/\/institutoinorte.com\/site\/wp-json\/wp\/v2\/users\/1"}],"replies":[{"embeddable":true,"href":"https:\/\/institutoinorte.com\/site\/wp-json\/wp\/v2\/comments?post=2126"}],"version-history":[{"count":1,"href":"https:\/\/institutoinorte.com\/site\/wp-json\/wp\/v2\/posts\/2126\/revisions"}],"predecessor-version":[{"id":2133,"href":"https:\/\/institutoinorte.com\/site\/wp-json\/wp\/v2\/posts\/2126\/revisions\/2133"}],"wp:featuredmedia":[{"embeddable":true,"href":"https:\/\/institutoinorte.com\/site\/wp-json\/wp\/v2\/media\/2127"}],"wp:attachment":[{"href":"https:\/\/institutoinorte.com\/site\/wp-json\/wp\/v2\/media?parent=2126"}],"wp:term":[{"taxonomy":"category","embeddable":true,"href":"https:\/\/institutoinorte.com\/site\/wp-json\/wp\/v2\/categories?post=2126"},{"taxonomy":"post_tag","embeddable":true,"href":"https:\/\/institutoinorte.com\/site\/wp-json\/wp\/v2\/tags?post=2126"}],"curies":[{"name":"wp","href":"https:\/\/api.w.org\/{rel}","templated":true}]}}