{"id":2115,"date":"2024-12-17T12:52:16","date_gmt":"2024-12-17T15:52:16","guid":{"rendered":"https:\/\/institutoinorte.com\/site\/?p=2115"},"modified":"2025-01-16T01:22:02","modified_gmt":"2025-01-16T04:22:02","slug":"show-de-leo-santana-lotou-a-avenida-santana-celebrando-37-anos-do-municipio","status":"publish","type":"post","link":"https:\/\/institutoinorte.com\/site\/show-de-leo-santana-lotou-a-avenida-santana-celebrando-37-anos-do-municipio\/","title":{"rendered":"Show de L\u00e9o Santana lotou a Avenida Santana, celebrando 37 anos do munic\u00edpio"},"content":{"rendered":"<p style=\"text-align: justify;\">No \u00faltimo dia 16 de dezembro, a cidade de Santana celebrou com grande estilo seus 37 anos de emancipa\u00e7\u00e3o. A Avenida Santana, palco principal da festividade, ficou completamente lotada por moradores e visitantes que prestigiaram uma noite de muita m\u00fasica, dan\u00e7a e energia contagiante.<\/p>\n<p style=\"text-align: justify;\">O grande destaque da celebra\u00e7\u00e3o foi o show do renomado cantor de ax\u00e9 L\u00e9o Santana, conhecido como o &#8220;GG da Bahia&#8221;, que animou o p\u00fablico com uma apresenta\u00e7\u00e3o vibrante e repleta de sucessos. Hits como \u201cPosturado e Calmo\u201d, \u201cZona de Perigo\u201d, \u201cContatinho\u201d, \u201cApaixonadinha\u201d, \u201c\u00c1udio que te entrega\u201d e \u201cAcabou foi Carai\u201d contagiaram os milhares de f\u00e3s presentes no evento. A multid\u00e3o cantou e dan\u00e7ou ao som de cada m\u00fasica, transformando a noite em uma verdadeira explos\u00e3o de alegria e uni\u00e3o.<\/p>\n<p style=\"text-align: justify;\">A comemora\u00e7\u00e3o n\u00e3o apenas marcou o anivers\u00e1rio do munic\u00edpio, mas tamb\u00e9m serviu como uma grande pr\u00e9via para o R\u00e9veillon, trazendo um clima de festa e confraterniza\u00e7\u00e3o para todos os presentes.<\/p>\n<p style=\"text-align: justify;\">A festa dos 37 anos de Santana reafirmou o esp\u00edrito festivo e acolhedor da cidade, al\u00e9m de destacar sua import\u00e2ncia como polo cultural e tur\u00edstico da regi\u00e3o. Viva Santana!<\/p>\n<div id='gallery-1' class='gallery galleryid-2115 gallery-columns-3 gallery-size-thumbnail'><figure class='gallery-item'>\n\t\t\t<div class='gallery-icon landscape'>\n\t\t\t\t<a href='https:\/\/institutoinorte.com\/site\/wp-content\/uploads\/2024\/12\/Imagem13.jpg'><img decoding=\"async\" width=\"150\" height=\"150\" src=\"https:\/\/institutoinorte.com\/site\/wp-content\/uploads\/2024\/12\/Imagem13-150x150.jpg\" class=\"attachment-thumbnail size-thumbnail\" alt=\"\" srcset=\"https:\/\/institutoinorte.com\/site\/wp-content\/uploads\/2024\/12\/Imagem13-150x150.jpg 150w, https:\/\/institutoinorte.com\/site\/wp-content\/uploads\/2024\/12\/Imagem13-230x230.jpg 230w, https:\/\/institutoinorte.com\/site\/wp-content\/uploads\/2024\/12\/Imagem13-400x400.jpg 400w\" sizes=\"(max-width: 150px) 100vw, 150px\" \/><\/a>\n\t\t\t<\/div><\/figure><figure class='gallery-item'>\n\t\t\t<div class='gallery-icon portrait'>\n\t\t\t\t<a href='https:\/\/institutoinorte.com\/site\/wp-content\/uploads\/2024\/12\/Imagem12.jpg'><img decoding=\"async\" width=\"150\" height=\"150\" src=\"https:\/\/institutoinorte.com\/site\/wp-content\/uploads\/2024\/12\/Imagem12-150x150.jpg\" class=\"attachment-thumbnail size-thumbnail\" alt=\"\" srcset=\"https:\/\/institutoinorte.com\/site\/wp-content\/uploads\/2024\/12\/Imagem12-150x150.jpg 150w, https:\/\/institutoinorte.com\/site\/wp-content\/uploads\/2024\/12\/Imagem12-230x230.jpg 230w, https:\/\/institutoinorte.com\/site\/wp-content\/uploads\/2024\/12\/Imagem12-400x400.jpg 400w\" sizes=\"(max-width: 150px) 100vw, 150px\" \/><\/a>\n\t\t\t<\/div><\/figure><figure class='gallery-item'>\n\t\t\t<div class='gallery-icon portrait'>\n\t\t\t\t<a href='https:\/\/institutoinorte.com\/site\/wp-content\/uploads\/2024\/12\/Imagem11.jpg'><img decoding=\"async\" width=\"150\" height=\"150\" src=\"https:\/\/institutoinorte.com\/site\/wp-content\/uploads\/2024\/12\/Imagem11-150x150.jpg\" class=\"attachment-thumbnail size-thumbnail\" alt=\"\" srcset=\"https:\/\/institutoinorte.com\/site\/wp-content\/uploads\/2024\/12\/Imagem11-150x150.jpg 150w, https:\/\/institutoinorte.com\/site\/wp-content\/uploads\/2024\/12\/Imagem11-230x230.jpg 230w, https:\/\/institutoinorte.com\/site\/wp-content\/uploads\/2024\/12\/Imagem11-400x400.jpg 400w\" sizes=\"(max-width: 150px) 100vw, 150px\" \/><\/a>\n\t\t\t<\/div><\/figure><figure class='gallery-item'>\n\t\t\t<div class='gallery-icon portrait'>\n\t\t\t\t<a href='https:\/\/institutoinorte.com\/site\/wp-content\/uploads\/2024\/12\/Imagem10.jpg'><img loading=\"lazy\" decoding=\"async\" width=\"150\" height=\"150\" src=\"https:\/\/institutoinorte.com\/site\/wp-content\/uploads\/2024\/12\/Imagem10-150x150.jpg\" class=\"attachment-thumbnail size-thumbnail\" alt=\"\" srcset=\"https:\/\/institutoinorte.com\/site\/wp-content\/uploads\/2024\/12\/Imagem10-150x150.jpg 150w, https:\/\/institutoinorte.com\/site\/wp-content\/uploads\/2024\/12\/Imagem10-230x230.jpg 230w, https:\/\/institutoinorte.com\/site\/wp-content\/uploads\/2024\/12\/Imagem10-400x400.jpg 400w\" sizes=\"(max-width: 150px) 100vw, 150px\" \/><\/a>\n\t\t\t<\/div><\/figure><figure class='gallery-item'>\n\t\t\t<div class='gallery-icon landscape'>\n\t\t\t\t<a href='https:\/\/institutoinorte.com\/site\/wp-content\/uploads\/2024\/12\/Imagem9.jpg'><img loading=\"lazy\" decoding=\"async\" width=\"150\" height=\"150\" src=\"https:\/\/institutoinorte.com\/site\/wp-content\/uploads\/2024\/12\/Imagem9-150x150.jpg\" class=\"attachment-thumbnail size-thumbnail\" alt=\"\" srcset=\"https:\/\/institutoinorte.com\/site\/wp-content\/uploads\/2024\/12\/Imagem9-150x150.jpg 150w, https:\/\/institutoinorte.com\/site\/wp-content\/uploads\/2024\/12\/Imagem9-230x230.jpg 230w, https:\/\/institutoinorte.com\/site\/wp-content\/uploads\/2024\/12\/Imagem9-400x400.jpg 400w\" sizes=\"(max-width: 150px) 100vw, 150px\" \/><\/a>\n\t\t\t<\/div><\/figure><figure class='gallery-item'>\n\t\t\t<div class='gallery-icon landscape'>\n\t\t\t\t<a href='https:\/\/institutoinorte.com\/site\/wp-content\/uploads\/2024\/12\/Imagem8.jpg'><img loading=\"lazy\" decoding=\"async\" width=\"150\" height=\"150\" src=\"https:\/\/institutoinorte.com\/site\/wp-content\/uploads\/2024\/12\/Imagem8-150x150.jpg\" class=\"attachment-thumbnail size-thumbnail\" alt=\"\" srcset=\"https:\/\/institutoinorte.com\/site\/wp-content\/uploads\/2024\/12\/Imagem8-150x150.jpg 150w, https:\/\/institutoinorte.com\/site\/wp-content\/uploads\/2024\/12\/Imagem8-230x230.jpg 230w, https:\/\/institutoinorte.com\/site\/wp-content\/uploads\/2024\/12\/Imagem8-400x400.jpg 400w\" sizes=\"(max-width: 150px) 100vw, 150px\" \/><\/a>\n\t\t\t<\/div><\/figure>\n\t\t<\/div>\n\n","protected":false},"excerpt":{"rendered":"<p>No \u00faltimo dia 16 de dezembro, a cidade de Santana celebrou com grande estilo seus 37 anos de funda\u00e7\u00e3o. A Avenida Santana, palco principal da festividade, ficou completamente lotada por moradores e visitantes que prestigiaram uma noite de muita m\u00fasica, dan\u00e7a e energia contagiante.<\/p>\n","protected":false},"author":1,"featured_media":2117,"comment_status":"open","ping_status":"open","sticky":false,"template":"","format":"standard","meta":{"footnotes":""},"categories":[27,16],"tags":[],"class_list":["post-2115","post","type-post","status-publish","format-standard","has-post-thumbnail","hentry","category-inorte-cultura","category-noticias"],"_links":{"self":[{"href":"https:\/\/institutoinorte.com\/site\/wp-json\/wp\/v2\/posts\/2115","targetHints":{"allow":["GET"]}}],"collection":[{"href":"https:\/\/institutoinorte.com\/site\/wp-json\/wp\/v2\/posts"}],"about":[{"href":"https:\/\/institutoinorte.com\/site\/wp-json\/wp\/v2\/types\/post"}],"author":[{"embeddable":true,"href":"https:\/\/institutoinorte.com\/site\/wp-json\/wp\/v2\/users\/1"}],"replies":[{"embeddable":true,"href":"https:\/\/institutoinorte.com\/site\/wp-json\/wp\/v2\/comments?post=2115"}],"version-history":[{"count":3,"href":"https:\/\/institutoinorte.com\/site\/wp-json\/wp\/v2\/posts\/2115\/revisions"}],"predecessor-version":[{"id":2124,"href":"https:\/\/institutoinorte.com\/site\/wp-json\/wp\/v2\/posts\/2115\/revisions\/2124"}],"wp:featuredmedia":[{"embeddable":true,"href":"https:\/\/institutoinorte.com\/site\/wp-json\/wp\/v2\/media\/2117"}],"wp:attachment":[{"href":"https:\/\/institutoinorte.com\/site\/wp-json\/wp\/v2\/media?parent=2115"}],"wp:term":[{"taxonomy":"category","embeddable":true,"href":"https:\/\/institutoinorte.com\/site\/wp-json\/wp\/v2\/categories?post=2115"},{"taxonomy":"post_tag","embeddable":true,"href":"https:\/\/institutoinorte.com\/site\/wp-json\/wp\/v2\/tags?post=2115"}],"curies":[{"name":"wp","href":"https:\/\/api.w.org\/{rel}","templated":true}]}}